{"id":70,"date":"2015-11-04T10:48:18","date_gmt":"2015-11-04T09:48:18","guid":{"rendered":"http:\/\/www.tkms.ch\/?p=70"},"modified":"2015-11-04T10:48:18","modified_gmt":"2015-11-04T09:48:18","slug":"einladung-zur-vereinstagung-2015","status":"publish","type":"post","link":"https:\/\/www.tkms.ch\/index.php\/2015\/11\/04\/einladung-zur-vereinstagung-2015\/","title":{"rendered":"Einladung zur Vereinstagung 2015"},"content":{"rendered":"<p>Liebe Lehrpersonen<\/p>\n<p>Wir freuen uns, Sie auch dieses Jahr wieder zur Vereinstagung der TKMS einladen zu d\u00fcrfen. Wir sind stolz, Ihnen nebst dem gesch\u00e4ftlichen Teil ein Podiumsgespr\u00e4ch zu einem sehr aktuellen Thema pr\u00e4sentieren zu d\u00fcrfen: &#8220;Gemeinsames Pr\u00fcfen&#8221;.<\/p>\n<p>Die folgenden Teilnehmerinnen und Teilnehmer konnten wir f\u00fcr diesen Anlass gewinnen:<\/p>\n<ul>\n<li>Herr Dr. Stephan Girod (Alte Kanti Aarau)<\/li>\n<li>Herr Roger Hiltbrunner (FACH)<\/li>\n<li>Frau Karin Joachim (WBZ)<\/li>\n<li>Frau Gisela Meyer St\u00fcssi (VSG)<\/li>\n<li>Herr Dr. Martin Zimmermann (Rektor der Kantonsschule Wetzikon)<\/li>\n<\/ul>\n<p>Wir hoffen auf rege Teilnahme &#8211; von Vereinsmitgliedern und interessierten (noch) Nicht-Mitgliedern gleichermassen!<\/p>\n<p>Weitere Angaben zur Veranstaltung entnehmen Sie dem Programm als PDF: <a href=\"https:\/\/www.tkms.ch\/wp-content\/uploads\/2015\/11\/TKMS_Broschuere_VT_2015.pdf\" target=\"_blank\">hier klicken<\/a>.<\/p>\n","protected":false},"excerpt":{"rendered":"<p>Liebe Lehrpersonen Wir freuen uns, Sie auch dieses Jahr wieder zur Vereinstagung der TKMS einladen zu d\u00fcrfen. Wir sind stolz, Ihnen nebst dem gesch\u00e4ftlichen Teil ein Podiumsgespr\u00e4ch zu einem sehr aktuellen Thema pr\u00e4sentieren zu d\u00fcrfen: &#8220;Gemeinsames Pr\u00fcfen&#8221;. Die folgenden Teilnehmerinnen und Teilnehmer konnten wir f\u00fcr diesen Anlass gewinnen: Herr Dr. Stephan Girod (Alte Kanti Aarau) &hellip; <a href=\"https:\/\/www.tkms.ch\/index.php\/2015\/11\/04\/einladung-zur-vereinstagung-2015\/\" class=\"more-link\"><span class=\"screen-reader-text\">Einladung zur Vereinstagung 2015<\/span> weiterlesen <span class=\"meta-nav\">&rarr;<\/span><\/a><\/p>\n","protected":false},"author":11,"featured_media":0,"comment_status":"open","ping_status":"open","sticky":false,"template":"","format":"standard","meta":{"footnotes":""},"categories":[1,5],"tags":[4,6,7],"class_list":["post-70","post","type-post","status-publish","format-standard","hentry","category-in-eigener-sache","category-veranstaltung","tag-informationen","tag-veranstaltungen","tag-vereinstagung"],"_links":{"self":[{"href":"https:\/\/www.tkms.ch\/index.php\/wp-json\/wp\/v2\/posts\/70","targetHints":{"allow":["GET"]}}],"collection":[{"href":"https:\/\/www.tkms.ch\/index.php\/wp-json\/wp\/v2\/posts"}],"about":[{"href":"https:\/\/www.tkms.ch\/index.php\/wp-json\/wp\/v2\/types\/post"}],"author":[{"embeddable":true,"href":"https:\/\/www.tkms.ch\/index.php\/wp-json\/wp\/v2\/users\/11"}],"replies":[{"embeddable":true,"href":"https:\/\/www.tkms.ch\/index.php\/wp-json\/wp\/v2\/comments?post=70"}],"version-history":[{"count":1,"href":"https:\/\/www.tkms.ch\/index.php\/wp-json\/wp\/v2\/posts\/70\/revisions"}],"predecessor-version":[{"id":72,"href":"https:\/\/www.tkms.ch\/index.php\/wp-json\/wp\/v2\/posts\/70\/revisions\/72"}],"wp:attachment":[{"href":"https:\/\/www.tkms.ch\/index.php\/wp-json\/wp\/v2\/media?parent=70"}],"wp:term":[{"taxonomy":"category","embeddable":true,"href":"https:\/\/www.tkms.ch\/index.php\/wp-json\/wp\/v2\/categories?post=70"},{"taxonomy":"post_tag","embeddable":true,"href":"https:\/\/www.tkms.ch\/index.php\/wp-json\/wp\/v2\/tags?post=70"}],"curies":[{"name":"wp","href":"https:\/\/api.w.org\/{rel}","templated":true}]}}